{"id":29766,"date":"2025-12-12T13:54:39","date_gmt":"2025-12-12T12:54:39","guid":{"rendered":"https:\/\/www.neolifesalud.com\/blog\/sin-categorizar\/reforc-del-sistema-immunitari-a-la-tardor-a-traves-de-lalimentacio-estacional-i-funcional\/"},"modified":"2025-12-12T13:54:39","modified_gmt":"2025-12-12T12:54:39","slug":"reforc-del-sistema-immunitari-a-la-tardor-a-traves-de-lalimentacio-estacional-i-funcional","status":"publish","type":"post","link":"https:\/\/www.neolifesalud.com\/ca\/blog\/nutricio\/reforc-del-sistema-immunitari-a-la-tardor-a-traves-de-lalimentacio-estacional-i-funcional\/","title":{"rendered":"Refor\u00e7 del sistema immunitari a la tardor a trav\u00e9s de l&#8217;alimentaci\u00f3 estacional i funcional"},"content":{"rendered":"<hr>\n<h1 style=\"text-align: justify;\">Com preparar-se per als mesos freds des del plat: claus nutricionals per enfortir les defenses.<\/h1>\n<p style=\"text-align: justify;\">La tardor marca una transici\u00f3 significativa: els dies s&#8217;escurcen, baixen les temperatures, i amb aix\u00f2 augmenten els casos de refredats, grip i altres infeccions estacionals. Aquesta estaci\u00f3 representa una finestra d&#8217;oportunitat ideal per enfortir el sistema immunitari de manera natural, utilitzant una eina poderosa: l&#8217;alimentaci\u00f3. <\/p>\n<p style=\"text-align: justify;\"><em>Arantxa Jim\u00e9nez &#8211; Unitat de Nutrici\u00f3 Neolife<\/em><\/p>\n<hr>\n<p style=\"text-align: justify;\"><strong>Aliments estacionals i aliments funcionals<\/strong><\/p>\n<p style=\"text-align: justify;\">En aquesta entrada explorem com una dieta centrada en <strong>aliments estacionals<\/strong> i<strong> aliments funcionals <\/strong>pot ser clau per preparar les nostres defenses davant dels reptes de l&#8217;hivern. A m\u00e9s d&#8217;oferir sabor i varietat, els aliments que ens ofereix la tardor estan carregats de <strong>vitamines, minerals, antioxidants i compostos bioactius <\/strong>que donen suport a la funci\u00f3 immunol\u00f2gica i ajuden a mantenir l&#8217;equilibri de l&#8217;organisme. <\/p>\n<p><img fetchpriority=\"high\" decoding=\"async\" class=\"aligncenter wp-image-1057 size-large\" src=\"https:\/\/www.neolifesalud.com\/wp-content\/uploads\/Refuerzo-SI-1.jpg\" alt=\"Refor\u00e7 sistema immunitari\" width=\"1024\" height=\"683\"><\/p>\n<p style=\"text-align: justify;\"><strong>Per qu\u00e8 \u00e9s important refor\u00e7ar el sistema immunitari a la tardor?<\/strong><\/p>\n<p style=\"text-align: justify;\">Durant aquesta estaci\u00f3 es disminueix l&#8217;<strong>exposici\u00f3 solar,<\/strong> cosa que pot reduir els nostres nivells de vitamina D, una vitamina clau a la immunitat. Canvia la nostra microbiota intestinal degut a la variaci\u00f3 diet\u00e8tica i menor activitat f\u00edsica. Augmenten els virus respiratoris i malalties com la grip i, a m\u00e9s, el cos requereix m\u00e9s <strong>energia immunol\u00f2gica<\/strong> per adaptar-se als canvis t\u00e8rmics.<\/p>\n<p>  <\/p>\n<p style=\"text-align: justify;\">Una immunitat afeblida es pot traduir en m\u00e9s susceptibilitat a infeccions, fatiga constant, digesti\u00f3 irregular i fins i tot un estat d&#8217;\u00e0nim m\u00e9s baix. Per aix\u00f2, refor\u00e7ar el sistema immune a trav\u00e9s del que mengem \u00e9s una estrat\u00e8gia fonamental, natural i efectiva. <\/p>\n<p style=\"text-align: justify;\"><strong>Alimentaci\u00f3 estacional: el que la tardor ens regala per protegir-nos<\/strong><\/p>\n<p style=\"text-align: justify;\">L&#8217;alimentaci\u00f3 estacional consisteix a consumir aliments que estan al punt \u00f2ptim de recol\u00b7lecci\u00f3 a cada \u00e8poca de l&#8217;any. A la tardor, la natura ofereix <strong>productes rics en antioxidants, fibra i micronutrients<\/strong> que afavoreixen la immunitat. <\/p>\n<p style=\"text-align: justify;\">Aliments que destaquen:<\/p>\n<ul>\n<li style=\"text-align: justify;\">Moniato: ric en betacaroterns (provitamina A), essencials per a la integritat de les mucoses respirat\u00f2ries.<\/li>\n<li>Carabassa: font de vitamina C, E i zinc, amb acci\u00f3 antioxidant i immunoprotectora.<\/li>\n<li>Bolets: cont\u00e9 beta-glucans, compostos que activen la resposta immune innata.<\/li>\n<li>Poma: fibra i polifenols que milloren la microbiota intestinal, clau en la immunorregulaci\u00f3.<\/li>\n<li>Ra\u00efms i fruits vermells: alt en resveratrol i antocianines, que combaten l&#8217;estr\u00e8s oxidatiu.<\/li>\n<li>Castanyes i nous: font de vitamina E i seleni, amb efecte antiinflamatori i immunomodulador.<\/li>\n<\/ul>\n<p><img decoding=\"async\" class=\"aligncenter wp-image-1057 size-large\" src=\"https:\/\/www.neolifesalud.com\/wp-content\/uploads\/Refuerzo-SI-2.jpg\" alt=\"refor\u00e7 sistema immunitari\" width=\"1024\" height=\"683\"><\/p>\n<p style=\"text-align: justify;\">Incloure aquests aliments en sopes, cremes, amanides t\u00e8bies o plats al forn permet <strong>alimentar-se de manera funcional i d&#8217;acord amb les necessitats immunol\u00f2giques d&#8217;aquesta estaci\u00f3.<\/strong><\/p>\n<p style=\"text-align: justify;\"><strong>Aliments funcionals que recolzen la immunitat<\/strong><\/p>\n<p style=\"text-align: justify;\">Un aliment funcional no nom\u00e9s nodreix, sin\u00f3 que <strong>aporta beneficis concrets a la salut,<\/strong> com l&#8217;enfortiment de les defenses o la millora de l&#8217;equilibri intestinal.<\/p>\n<ul>\n<li style=\"text-align: justify;\">All i ceba: rics en compostos sulfurats, amb efecte antimicrobi\u00e0 i modulador del sistema immune.<\/li>\n<li style=\"text-align: justify;\">K\u00e8fir i iogurt natural: font de probi\u00f2tics, que milloren la microbiota intestinal.<\/li>\n<li style=\"text-align: justify;\">C\u00farcuma i gingebre: potents antiinflamatoris naturals que ajuden a modular la resposta immunit\u00e0ria excessiva o desequilibrada.<\/li>\n<li style=\"text-align: justify;\">C\u00edtrics: alts en vitamina C, antioxidants que afavoreixen la producci\u00f3 de gl\u00f2buls blancs i redueix la durada dels refredats.<\/li>\n<li style=\"text-align: justify;\">Te verd: cont\u00e9 catequines, compostos antioxidants amb propietats antivirals i immunoestimulants.<\/li>\n<\/ul>\n<p style=\"text-align: justify;\">Incorporar aquests aliments de manera regular potencia la <strong>nostra resili\u00e8ncia<\/strong> immunit\u00e0ria davant d&#8217;infeccions.<\/p>\n<hr>\n<p style=\"text-align: justify;\">BIBLIOGRAFIA<\/p>\n<p style=\"text-align: justify;\">(1) Calder, P. C. (2020). Nutrition, immunity and COVID-19. BMJ Nutrition, Prevention &amp; Health, 3(1), 74\u201392.   https:\/\/doi.org\/10.1136\/bmjnph-2020-000085<\/p>\n<p style=\"text-align: justify;\">(2) Gombart, A. F., Pierre, A., &amp; Maggini, S. (2020). A Review of Micronutrients and the Immune System\u2013Working in Harmony to Reduce the Risk of Infection. Nutrients, 12(1), 236.   https:\/\/doi.org\/10.3390\/nu12010236<\/p>\n<p style=\"text-align: justify;\">(3) Hosseini, B., et al. (2019). The role of micronutrients in the immune system: A review. Clinical Nutrition ESPEN, 33, 1\u201313.  https:\/\/doi.org\/10.1016\/j.clnesp.2019.05.006<\/p>\n<p style=\"text-align: justify;\">(4) Vald\u00e9s, L., et al. (2018). Role of the gut microbiota in nutrition and health. BMJ, 361, k2179.  https:\/\/doi.org\/10.1136\/bmj.k2179<\/p>\n<p style=\"text-align: justify;\">(5) FAO. (2021). Seasonal Food and Nutrition. Food and Agriculture Organization of the United Nations.  <a href=\"https:\/\/www.fao.org\/\">https:\/\/www.fao.org<\/a><\/p>\n<hr>\n","protected":false},"excerpt":{"rendered":"<p>Com preparar-se per als mesos freds des del plat: claus nutricionals per enfortir les defenses. La tardor marca una transici\u00f3 significativa: els dies s&#8217;escurcen, baixen les temperatures, i amb aix\u00f2 augmenten els casos de refredats, grip i altres infeccions estacionals. Aquesta estaci\u00f3 representa una finestra d&#8217;oportunitat ideal per enfortir el sistema immunitari de manera natural, [&hellip;]<\/p>\n","protected":false},"author":33,"featured_media":29755,"comment_status":"closed","ping_status":"closed","sticky":false,"template":"","format":"standard","meta":{"_acf_changed":false,"inline_featured_image":false,"footnotes":""},"categories":[5129],"tags":[5520,5521,5237,5522,5518,5519,5307,5523,5130],"class_list":["post-29766","post","type-post","status-publish","format-standard","has-post-thumbnail","hentry","category-nutricio","tag-aliments-estacionals","tag-aliments-funcionals","tag-antioxidants-ca","tag-energia-immunologica","tag-exposicio-solar","tag-fibres","tag-micronutrients-ca","tag-resiliencia-immunitaria","tag-salut"],"acf":[],"yoast_head":"<!-- This site is optimized with the Yoast SEO plugin v26.5 - https:\/\/yoast.com\/wordpress\/plugins\/seo\/ -->\n<title>Refor\u00e7 del sistema immunitari a la tardor a trav\u00e9s de l&#039;alimentaci\u00f3 estacional i funcional Refuerzo del sistema inmunitario en oto\u00f1o a trav\u00e9s de la alimentaci\u00f3n estacional y funcional<\/title>\n<meta name=\"description\" content=\"Com preparar-se per als mesos freds des del plat: claus nutricionals per enfortir les defenses. La tardor marca una transici\u00f3 significativa: els dies C\u00f3mo prepararse para los meses fr\u00edos desde el plato: claves nutricionales para fortalecer sus defensas.\" \/>\n<meta name=\"robots\" content=\"index, follow, max-snippet:-1, max-image-preview:large, max-video-preview:-1\" \/>\n<link rel=\"canonical\" href=\"https:\/\/www.neolifesalud.com\/ca\/blog\/nutricio\/reforc-del-sistema-immunitari-a-la-tardor-a-traves-de-lalimentacio-estacional-i-funcional\/\" \/>\n<meta property=\"og:locale\" content=\"ca_ES\" \/>\n<meta property=\"og:type\" content=\"article\" \/>\n<meta property=\"og:title\" content=\"Refor\u00e7 del sistema immunitari a la tardor a trav\u00e9s de l&#039;alimentaci\u00f3 estacional i funcional Refuerzo del sistema inmunitario en oto\u00f1o a trav\u00e9s de la alimentaci\u00f3n estacional y funcional\" \/>\n<meta property=\"og:description\" content=\"Com preparar-se per als mesos freds des del plat: claus nutricionals per enfortir les defenses. La tardor marca una transici\u00f3 significativa: els dies C\u00f3mo prepararse para los meses fr\u00edos desde el plato: claves nutricionales para fortalecer sus defensas.\" \/>\n<meta property=\"og:url\" content=\"https:\/\/www.neolifesalud.com\/ca\/blog\/nutricio\/reforc-del-sistema-immunitari-a-la-tardor-a-traves-de-lalimentacio-estacional-i-funcional\/\" \/>\n<meta property=\"og:site_name\" content=\"Neolife\" \/>\n<meta property=\"article:published_time\" content=\"2025-12-12T12:54:39+00:00\" \/>\n<meta property=\"og:image\" content=\"https:\/\/www.neolifesalud.com\/wp-content\/uploads\/Refuerza-SI-NL.jpg\" \/>\n\t<meta property=\"og:image:width\" content=\"584\" \/>\n\t<meta property=\"og:image:height\" content=\"388\" \/>\n\t<meta property=\"og:image:type\" content=\"image\/jpeg\" \/>\n<meta name=\"author\" content=\"Arantxa Jim\u00e9nez\" \/>\n<meta name=\"twitter:card\" content=\"summary_large_image\" \/>\n<meta name=\"twitter:label1\" content=\"Escrit per\" \/>\n\t<meta name=\"twitter:data1\" content=\"Arantxa Jim\u00e9nez\" \/>\n\t<meta name=\"twitter:label2\" content=\"Temps estimat de lectura\" \/>\n\t<meta name=\"twitter:data2\" content=\"3 minuts\" \/>\n<script type=\"application\/ld+json\" class=\"yoast-schema-graph\">{\"@context\":\"https:\/\/schema.org\",\"@graph\":[{\"@type\":\"Article\",\"@id\":\"https:\/\/www.neolifesalud.com\/ca\/blog\/nutricio\/reforc-del-sistema-immunitari-a-la-tardor-a-traves-de-lalimentacio-estacional-i-funcional\/#article\",\"isPartOf\":{\"@id\":\"https:\/\/www.neolifesalud.com\/ca\/blog\/nutricio\/reforc-del-sistema-immunitari-a-la-tardor-a-traves-de-lalimentacio-estacional-i-funcional\/\"},\"author\":{\"name\":\"Arantxa Jim\u00e9nez\",\"@id\":\"https:\/\/www.neolifesalud.com\/ca\/#\/schema\/person\/c255dcae67bff68401c81b7abf29fa1c\"},\"headline\":\"Refor\u00e7 del sistema immunitari a la tardor a trav\u00e9s de l&#8217;alimentaci\u00f3 estacional i funcional\",\"datePublished\":\"2025-12-12T12:54:39+00:00\",\"mainEntityOfPage\":{\"@id\":\"https:\/\/www.neolifesalud.com\/ca\/blog\/nutricio\/reforc-del-sistema-immunitari-a-la-tardor-a-traves-de-lalimentacio-estacional-i-funcional\/\"},\"wordCount\":687,\"publisher\":{\"@id\":\"https:\/\/www.neolifesalud.com\/ca\/#organization\"},\"image\":{\"@id\":\"https:\/\/www.neolifesalud.com\/ca\/blog\/nutricio\/reforc-del-sistema-immunitari-a-la-tardor-a-traves-de-lalimentacio-estacional-i-funcional\/#primaryimage\"},\"thumbnailUrl\":\"https:\/\/www.neolifesalud.com\/wp-content\/uploads\/Refuerza-SI-NL.jpg\",\"keywords\":[\"aliments estacionals\",\"aliments funcionals\",\"antioxidants\",\"energ\u00eda immunol\u00f2gica\",\"exposici\u00f3 solar\",\"fibres\",\"micronutrients\",\"resili\u00e8ncia immunitaria\",\"salut\"],\"articleSection\":[\"Nutrici\u00f3\"],\"inLanguage\":\"ca\"},{\"@type\":\"WebPage\",\"@id\":\"https:\/\/www.neolifesalud.com\/ca\/blog\/nutricio\/reforc-del-sistema-immunitari-a-la-tardor-a-traves-de-lalimentacio-estacional-i-funcional\/\",\"url\":\"https:\/\/www.neolifesalud.com\/ca\/blog\/nutricio\/reforc-del-sistema-immunitari-a-la-tardor-a-traves-de-lalimentacio-estacional-i-funcional\/\",\"name\":\"Refor\u00e7 del sistema immunitari a la tardor a trav\u00e9s de l'alimentaci\u00f3 estacional i funcional Refuerzo del sistema inmunitario en oto\u00f1o a trav\u00e9s de la alimentaci\u00f3n estacional y funcional\",\"isPartOf\":{\"@id\":\"https:\/\/www.neolifesalud.com\/ca\/#website\"},\"primaryImageOfPage\":{\"@id\":\"https:\/\/www.neolifesalud.com\/ca\/blog\/nutricio\/reforc-del-sistema-immunitari-a-la-tardor-a-traves-de-lalimentacio-estacional-i-funcional\/#primaryimage\"},\"image\":{\"@id\":\"https:\/\/www.neolifesalud.com\/ca\/blog\/nutricio\/reforc-del-sistema-immunitari-a-la-tardor-a-traves-de-lalimentacio-estacional-i-funcional\/#primaryimage\"},\"thumbnailUrl\":\"https:\/\/www.neolifesalud.com\/wp-content\/uploads\/Refuerza-SI-NL.jpg\",\"datePublished\":\"2025-12-12T12:54:39+00:00\",\"description\":\"Com preparar-se per als mesos freds des del plat: claus nutricionals per enfortir les defenses. La tardor marca una transici\u00f3 significativa: els dies C\u00f3mo prepararse para los meses fr\u00edos desde el plato: claves nutricionales para fortalecer sus defensas.\",\"breadcrumb\":{\"@id\":\"https:\/\/www.neolifesalud.com\/ca\/blog\/nutricio\/reforc-del-sistema-immunitari-a-la-tardor-a-traves-de-lalimentacio-estacional-i-funcional\/#breadcrumb\"},\"inLanguage\":\"ca\",\"potentialAction\":[{\"@type\":\"ReadAction\",\"target\":[\"https:\/\/www.neolifesalud.com\/ca\/blog\/nutricio\/reforc-del-sistema-immunitari-a-la-tardor-a-traves-de-lalimentacio-estacional-i-funcional\/\"]}]},{\"@type\":\"ImageObject\",\"inLanguage\":\"ca\",\"@id\":\"https:\/\/www.neolifesalud.com\/ca\/blog\/nutricio\/reforc-del-sistema-immunitari-a-la-tardor-a-traves-de-lalimentacio-estacional-i-funcional\/#primaryimage\",\"url\":\"https:\/\/www.neolifesalud.com\/wp-content\/uploads\/Refuerza-SI-NL.jpg\",\"contentUrl\":\"https:\/\/www.neolifesalud.com\/wp-content\/uploads\/Refuerza-SI-NL.jpg\",\"width\":584,\"height\":388,\"caption\":\"Refuerza SI\"},{\"@type\":\"BreadcrumbList\",\"@id\":\"https:\/\/www.neolifesalud.com\/ca\/blog\/nutricio\/reforc-del-sistema-immunitari-a-la-tardor-a-traves-de-lalimentacio-estacional-i-funcional\/#breadcrumb\",\"itemListElement\":[{\"@type\":\"ListItem\",\"position\":1,\"name\":\"Neolife\",\"item\":\"https:\/\/www.neolifesalud.com\/ca\/inici\/\"},{\"@type\":\"ListItem\",\"position\":2,\"name\":\"Refor\u00e7 del sistema immunitari a la tardor a trav\u00e9s de l&#8217;alimentaci\u00f3 estacional i funcional\"}]},{\"@type\":\"WebSite\",\"@id\":\"https:\/\/www.neolifesalud.com\/ca\/#website\",\"url\":\"https:\/\/www.neolifesalud.com\/ca\/\",\"name\":\"Neolife\",\"description\":\"Medicina preventiva antiaging\",\"publisher\":{\"@id\":\"https:\/\/www.neolifesalud.com\/ca\/#organization\"},\"potentialAction\":[{\"@type\":\"SearchAction\",\"target\":{\"@type\":\"EntryPoint\",\"urlTemplate\":\"https:\/\/www.neolifesalud.com\/ca\/?s={search_term_string}\"},\"query-input\":{\"@type\":\"PropertyValueSpecification\",\"valueRequired\":true,\"valueName\":\"search_term_string\"}}],\"inLanguage\":\"ca\"},{\"@type\":\"Organization\",\"@id\":\"https:\/\/www.neolifesalud.com\/ca\/#organization\",\"name\":\"Neolife\",\"url\":\"https:\/\/www.neolifesalud.com\/ca\/\",\"logo\":{\"@type\":\"ImageObject\",\"inLanguage\":\"ca\",\"@id\":\"https:\/\/www.neolifesalud.com\/ca\/#\/schema\/logo\/image\/\",\"url\":\"https:\/\/www.neolifesalud.com\/wp-content\/uploads\/Logo_Neolife_2025-1-scaled.png\",\"contentUrl\":\"https:\/\/www.neolifesalud.com\/wp-content\/uploads\/Logo_Neolife_2025-1-scaled.png\",\"width\":2560,\"height\":855,\"caption\":\"Neolife\"},\"image\":{\"@id\":\"https:\/\/www.neolifesalud.com\/ca\/#\/schema\/logo\/image\/\"}},{\"@type\":\"Person\",\"@id\":\"https:\/\/www.neolifesalud.com\/ca\/#\/schema\/person\/c255dcae67bff68401c81b7abf29fa1c\",\"name\":\"Arantxa Jim\u00e9nez\",\"image\":{\"@type\":\"ImageObject\",\"inLanguage\":\"ca\",\"@id\":\"https:\/\/www.neolifesalud.com\/ca\/#\/schema\/person\/image\/\",\"url\":\"https:\/\/secure.gravatar.com\/avatar\/541b83cbe8617ac6d56f810a7bb8d1211682a90deabae727a9d396b1b67e5f1b?s=96&d=mm&r=g\",\"contentUrl\":\"https:\/\/secure.gravatar.com\/avatar\/541b83cbe8617ac6d56f810a7bb8d1211682a90deabae727a9d396b1b67e5f1b?s=96&d=mm&r=g\",\"caption\":\"Arantxa Jim\u00e9nez\"},\"url\":\"https:\/\/www.neolifesalud.com\/ca\/blog\/author\/arantxa-jimenez\/\"}]}<\/script>\n<!-- \/ Yoast SEO plugin. -->","yoast_head_json":{"title":"Refor\u00e7 del sistema immunitari a la tardor a trav\u00e9s de l'alimentaci\u00f3 estacional i funcional Refuerzo del sistema inmunitario en oto\u00f1o a trav\u00e9s de la alimentaci\u00f3n estacional y funcional","description":"Com preparar-se per als mesos freds des del plat: claus nutricionals per enfortir les defenses. La tardor marca una transici\u00f3 significativa: els dies C\u00f3mo prepararse para los meses fr\u00edos desde el plato: claves nutricionales para fortalecer sus defensas.","robots":{"index":"index","follow":"follow","max-snippet":"max-snippet:-1","max-image-preview":"max-image-preview:large","max-video-preview":"max-video-preview:-1"},"canonical":"https:\/\/www.neolifesalud.com\/ca\/blog\/nutricio\/reforc-del-sistema-immunitari-a-la-tardor-a-traves-de-lalimentacio-estacional-i-funcional\/","og_locale":"ca_ES","og_type":"article","og_title":"Refor\u00e7 del sistema immunitari a la tardor a trav\u00e9s de l'alimentaci\u00f3 estacional i funcional Refuerzo del sistema inmunitario en oto\u00f1o a trav\u00e9s de la alimentaci\u00f3n estacional y funcional","og_description":"Com preparar-se per als mesos freds des del plat: claus nutricionals per enfortir les defenses. La tardor marca una transici\u00f3 significativa: els dies C\u00f3mo prepararse para los meses fr\u00edos desde el plato: claves nutricionales para fortalecer sus defensas.","og_url":"https:\/\/www.neolifesalud.com\/ca\/blog\/nutricio\/reforc-del-sistema-immunitari-a-la-tardor-a-traves-de-lalimentacio-estacional-i-funcional\/","og_site_name":"Neolife","article_published_time":"2025-12-12T12:54:39+00:00","og_image":[{"width":584,"height":388,"url":"https:\/\/www.neolifesalud.com\/wp-content\/uploads\/Refuerza-SI-NL.jpg","type":"image\/jpeg"}],"author":"Arantxa Jim\u00e9nez","twitter_card":"summary_large_image","twitter_misc":{"Escrit per":"Arantxa Jim\u00e9nez","Temps estimat de lectura":"3 minuts"},"schema":{"@context":"https:\/\/schema.org","@graph":[{"@type":"Article","@id":"https:\/\/www.neolifesalud.com\/ca\/blog\/nutricio\/reforc-del-sistema-immunitari-a-la-tardor-a-traves-de-lalimentacio-estacional-i-funcional\/#article","isPartOf":{"@id":"https:\/\/www.neolifesalud.com\/ca\/blog\/nutricio\/reforc-del-sistema-immunitari-a-la-tardor-a-traves-de-lalimentacio-estacional-i-funcional\/"},"author":{"name":"Arantxa Jim\u00e9nez","@id":"https:\/\/www.neolifesalud.com\/ca\/#\/schema\/person\/c255dcae67bff68401c81b7abf29fa1c"},"headline":"Refor\u00e7 del sistema immunitari a la tardor a trav\u00e9s de l&#8217;alimentaci\u00f3 estacional i funcional","datePublished":"2025-12-12T12:54:39+00:00","mainEntityOfPage":{"@id":"https:\/\/www.neolifesalud.com\/ca\/blog\/nutricio\/reforc-del-sistema-immunitari-a-la-tardor-a-traves-de-lalimentacio-estacional-i-funcional\/"},"wordCount":687,"publisher":{"@id":"https:\/\/www.neolifesalud.com\/ca\/#organization"},"image":{"@id":"https:\/\/www.neolifesalud.com\/ca\/blog\/nutricio\/reforc-del-sistema-immunitari-a-la-tardor-a-traves-de-lalimentacio-estacional-i-funcional\/#primaryimage"},"thumbnailUrl":"https:\/\/www.neolifesalud.com\/wp-content\/uploads\/Refuerza-SI-NL.jpg","keywords":["aliments estacionals","aliments funcionals","antioxidants","energ\u00eda immunol\u00f2gica","exposici\u00f3 solar","fibres","micronutrients","resili\u00e8ncia immunitaria","salut"],"articleSection":["Nutrici\u00f3"],"inLanguage":"ca"},{"@type":"WebPage","@id":"https:\/\/www.neolifesalud.com\/ca\/blog\/nutricio\/reforc-del-sistema-immunitari-a-la-tardor-a-traves-de-lalimentacio-estacional-i-funcional\/","url":"https:\/\/www.neolifesalud.com\/ca\/blog\/nutricio\/reforc-del-sistema-immunitari-a-la-tardor-a-traves-de-lalimentacio-estacional-i-funcional\/","name":"Refor\u00e7 del sistema immunitari a la tardor a trav\u00e9s de l'alimentaci\u00f3 estacional i funcional Refuerzo del sistema inmunitario en oto\u00f1o a trav\u00e9s de la alimentaci\u00f3n estacional y funcional","isPartOf":{"@id":"https:\/\/www.neolifesalud.com\/ca\/#website"},"primaryImageOfPage":{"@id":"https:\/\/www.neolifesalud.com\/ca\/blog\/nutricio\/reforc-del-sistema-immunitari-a-la-tardor-a-traves-de-lalimentacio-estacional-i-funcional\/#primaryimage"},"image":{"@id":"https:\/\/www.neolifesalud.com\/ca\/blog\/nutricio\/reforc-del-sistema-immunitari-a-la-tardor-a-traves-de-lalimentacio-estacional-i-funcional\/#primaryimage"},"thumbnailUrl":"https:\/\/www.neolifesalud.com\/wp-content\/uploads\/Refuerza-SI-NL.jpg","datePublished":"2025-12-12T12:54:39+00:00","description":"Com preparar-se per als mesos freds des del plat: claus nutricionals per enfortir les defenses. La tardor marca una transici\u00f3 significativa: els dies C\u00f3mo prepararse para los meses fr\u00edos desde el plato: claves nutricionales para fortalecer sus defensas.","breadcrumb":{"@id":"https:\/\/www.neolifesalud.com\/ca\/blog\/nutricio\/reforc-del-sistema-immunitari-a-la-tardor-a-traves-de-lalimentacio-estacional-i-funcional\/#breadcrumb"},"inLanguage":"ca","potentialAction":[{"@type":"ReadAction","target":["https:\/\/www.neolifesalud.com\/ca\/blog\/nutricio\/reforc-del-sistema-immunitari-a-la-tardor-a-traves-de-lalimentacio-estacional-i-funcional\/"]}]},{"@type":"ImageObject","inLanguage":"ca","@id":"https:\/\/www.neolifesalud.com\/ca\/blog\/nutricio\/reforc-del-sistema-immunitari-a-la-tardor-a-traves-de-lalimentacio-estacional-i-funcional\/#primaryimage","url":"https:\/\/www.neolifesalud.com\/wp-content\/uploads\/Refuerza-SI-NL.jpg","contentUrl":"https:\/\/www.neolifesalud.com\/wp-content\/uploads\/Refuerza-SI-NL.jpg","width":584,"height":388,"caption":"Refuerza SI"},{"@type":"BreadcrumbList","@id":"https:\/\/www.neolifesalud.com\/ca\/blog\/nutricio\/reforc-del-sistema-immunitari-a-la-tardor-a-traves-de-lalimentacio-estacional-i-funcional\/#breadcrumb","itemListElement":[{"@type":"ListItem","position":1,"name":"Neolife","item":"https:\/\/www.neolifesalud.com\/ca\/inici\/"},{"@type":"ListItem","position":2,"name":"Refor\u00e7 del sistema immunitari a la tardor a trav\u00e9s de l&#8217;alimentaci\u00f3 estacional i funcional"}]},{"@type":"WebSite","@id":"https:\/\/www.neolifesalud.com\/ca\/#website","url":"https:\/\/www.neolifesalud.com\/ca\/","name":"Neolife","description":"Medicina preventiva antiaging","publisher":{"@id":"https:\/\/www.neolifesalud.com\/ca\/#organization"},"potentialAction":[{"@type":"SearchAction","target":{"@type":"EntryPoint","urlTemplate":"https:\/\/www.neolifesalud.com\/ca\/?s={search_term_string}"},"query-input":{"@type":"PropertyValueSpecification","valueRequired":true,"valueName":"search_term_string"}}],"inLanguage":"ca"},{"@type":"Organization","@id":"https:\/\/www.neolifesalud.com\/ca\/#organization","name":"Neolife","url":"https:\/\/www.neolifesalud.com\/ca\/","logo":{"@type":"ImageObject","inLanguage":"ca","@id":"https:\/\/www.neolifesalud.com\/ca\/#\/schema\/logo\/image\/","url":"https:\/\/www.neolifesalud.com\/wp-content\/uploads\/Logo_Neolife_2025-1-scaled.png","contentUrl":"https:\/\/www.neolifesalud.com\/wp-content\/uploads\/Logo_Neolife_2025-1-scaled.png","width":2560,"height":855,"caption":"Neolife"},"image":{"@id":"https:\/\/www.neolifesalud.com\/ca\/#\/schema\/logo\/image\/"}},{"@type":"Person","@id":"https:\/\/www.neolifesalud.com\/ca\/#\/schema\/person\/c255dcae67bff68401c81b7abf29fa1c","name":"Arantxa Jim\u00e9nez","image":{"@type":"ImageObject","inLanguage":"ca","@id":"https:\/\/www.neolifesalud.com\/ca\/#\/schema\/person\/image\/","url":"https:\/\/secure.gravatar.com\/avatar\/541b83cbe8617ac6d56f810a7bb8d1211682a90deabae727a9d396b1b67e5f1b?s=96&d=mm&r=g","contentUrl":"https:\/\/secure.gravatar.com\/avatar\/541b83cbe8617ac6d56f810a7bb8d1211682a90deabae727a9d396b1b67e5f1b?s=96&d=mm&r=g","caption":"Arantxa Jim\u00e9nez"},"url":"https:\/\/www.neolifesalud.com\/ca\/blog\/author\/arantxa-jimenez\/"}]}},"views":12,"_links":{"self":[{"href":"https:\/\/www.neolifesalud.com\/ca\/wp-json\/wp\/v2\/posts\/29766","targetHints":{"allow":["GET"]}}],"collection":[{"href":"https:\/\/www.neolifesalud.com\/ca\/wp-json\/wp\/v2\/posts"}],"about":[{"href":"https:\/\/www.neolifesalud.com\/ca\/wp-json\/wp\/v2\/types\/post"}],"author":[{"embeddable":true,"href":"https:\/\/www.neolifesalud.com\/ca\/wp-json\/wp\/v2\/users\/33"}],"replies":[{"embeddable":true,"href":"https:\/\/www.neolifesalud.com\/ca\/wp-json\/wp\/v2\/comments?post=29766"}],"version-history":[{"count":0,"href":"https:\/\/www.neolifesalud.com\/ca\/wp-json\/wp\/v2\/posts\/29766\/revisions"}],"wp:featuredmedia":[{"embeddable":true,"href":"https:\/\/www.neolifesalud.com\/ca\/wp-json\/wp\/v2\/media\/29755"}],"wp:attachment":[{"href":"https:\/\/www.neolifesalud.com\/ca\/wp-json\/wp\/v2\/media?parent=29766"}],"wp:term":[{"taxonomy":"category","embeddable":true,"href":"https:\/\/www.neolifesalud.com\/ca\/wp-json\/wp\/v2\/categories?post=29766"},{"taxonomy":"post_tag","embeddable":true,"href":"https:\/\/www.neolifesalud.com\/ca\/wp-json\/wp\/v2\/tags?post=29766"}],"curies":[{"name":"wp","href":"https:\/\/api.w.org\/{rel}","templated":true}]}}