{"id":15925,"date":"2021-11-04T17:42:49","date_gmt":"2021-11-04T16:42:49","guid":{"rendered":"https:\/\/www.neolifesalud.com\/blog\/uncategorized\/la-medicina-estetica-se-mira-en-el-espejo-de-la-naturalidad\/"},"modified":"2021-11-04T17:42:49","modified_gmt":"2021-11-04T16:42:49","slug":"la-medicina-estetica-se-mira-en-el-espejo-de-la-naturalidad","status":"publish","type":"post","link":"https:\/\/www.neolifesalud.com\/en\/blog\/medios-en\/la-medicina-estetica-se-mira-en-el-espejo-de-la-naturalidad\/","title":{"rendered":"La medicina est\u00e9tica se mira en el espejo de la naturalidad"},"content":{"rendered":"<p class=\"medios-tag\">Neolife en El Economista<\/p>\n<p><a href=\"https:\/\/www.neolifesalud.com\/wp-content\/uploads\/el-economista.jpg\" target=\"_blank\" rel=\"noopener\"><img fetchpriority=\"high\" decoding=\"async\" class=\"alignnone size-medium wp-image-10301\" src=\"https:\/\/www.neolifesalud.com\/wp-content\/uploads\/\/el-economista-173x300.jpg\" alt=\"\" width=\"173\" height=\"300\" srcset=\"https:\/\/www.neolifesalud.com\/wp-content\/uploads\/el-economista-173x300.jpg 173w, https:\/\/www.neolifesalud.com\/wp-content\/uploads\/el-economista-591x1024.jpg 591w, https:\/\/www.neolifesalud.com\/wp-content\/uploads\/el-economista-768x1332.jpg 768w, https:\/\/www.neolifesalud.com\/wp-content\/uploads\/el-economista-886x1536.jpg 886w, https:\/\/www.neolifesalud.com\/wp-content\/uploads\/el-economista.jpg 947w\" sizes=\"(max-width: 173px) 100vw, 173px\" \/><\/a><\/p>\n<p><strong>Directora de medicina regenerativa, facial y corporal de Neolife: &#8220;la autoregeneraci\u00f3n y la prevenci\u00f3n son los grandes aliados de la medicina est\u00e9tica&#8221;.<\/strong><\/p>\n<p>El pasado 22 de diciembre El Economista realiz\u00f3 una entrevista a la Dra. Ruth Garc\u00eda Moro, directora de la Unidad de Medicina Regenerativa Facial y Corporal de Neolife.<\/p>\n<p>La eterna juventud y las caras estiradas han dejado de &#8220;trabajarse&#8221;. Ahora, la autoregeneraci\u00f3n y la prevenci\u00f3n son los grandes aliados de la medicina est\u00e9tica, un sector que comulga con problemas de intrusismo y &#8220;mala praxis&#8221;.<\/p>\n<p>[&#8230;] Para la doctora, lo ideal es tratar la dermis a trav\u00e9s de la autoregeneraci\u00f3n de los tejidos, &#8221; porque hay que cuidarlo desde dentro y teniendo en cuenta que envejecer es inevitable&#8221;. Justo por este cuidado integral, explica, coincide totalmente con la l\u00ednea de trabajo de la cl\u00ednica Antiaging madrile\u00f1a de la que ahora forma parte.<\/p>\n","protected":false},"excerpt":{"rendered":"<p>Neolife en El Economista Directora de medicina regenerativa, facial y corporal de Neolife: &#8220;la autoregeneraci\u00f3n y la prevenci\u00f3n son los grandes aliados de la medicina est\u00e9tica&#8221;. El pasado 22 de diciembre El Economista realiz\u00f3 una entrevista a la Dra. Ruth Garc\u00eda Moro, directora de la Unidad de Medicina Regenerativa Facial y Corporal de Neolife. La [&hellip;]<\/p>\n","protected":false},"author":2,"featured_media":10301,"comment_status":"closed","ping_status":"open","sticky":false,"template":"","format":"standard","meta":{"_acf_changed":false,"inline_featured_image":false,"footnotes":""},"categories":[3085,3086],"tags":[3098],"class_list":["post-15925","post","type-post","status-publish","format-standard","has-post-thumbnail","hentry","category-medios-en","category-press","tag-neolife-en-el-economista-en"],"acf":[],"yoast_head":"<!-- This site is optimized with the Yoast SEO plugin v26.5 - https:\/\/yoast.com\/wordpress\/plugins\/seo\/ -->\n<title>La medicina est\u00e9tica se mira en el espejo de la naturalidad<\/title>\n<meta name=\"description\" content=\"Neolife en El Economista Directora de medicina regenerativa, facial y corporal de Neolife: &quot;la autoregeneraci\u00f3n y la prevenci\u00f3n son los grandes aliados de\" \/>\n<meta name=\"robots\" content=\"index, follow, max-snippet:-1, max-image-preview:large, max-video-preview:-1\" \/>\n<link rel=\"canonical\" href=\"https:\/\/www.neolifesalud.com\/en\/blog\/medios-en\/la-medicina-estetica-se-mira-en-el-espejo-de-la-naturalidad\/\" \/>\n<meta property=\"og:locale\" content=\"en_US\" \/>\n<meta property=\"og:type\" content=\"article\" \/>\n<meta property=\"og:title\" content=\"La medicina est\u00e9tica se mira en el espejo de la naturalidad\" \/>\n<meta property=\"og:description\" content=\"Neolife en El Economista Directora de medicina regenerativa, facial y corporal de Neolife: &quot;la autoregeneraci\u00f3n y la prevenci\u00f3n son los grandes aliados de\" \/>\n<meta property=\"og:url\" content=\"https:\/\/www.neolifesalud.com\/en\/blog\/medios-en\/la-medicina-estetica-se-mira-en-el-espejo-de-la-naturalidad\/\" \/>\n<meta property=\"og:site_name\" content=\"Neolife\" \/>\n<meta property=\"article:published_time\" content=\"2021-11-04T16:42:49+00:00\" \/>\n<meta property=\"og:image\" content=\"https:\/\/www.neolifesalud.com\/wp-content\/uploads\/el-economista.jpg\" \/>\n\t<meta property=\"og:image:width\" content=\"947\" \/>\n\t<meta property=\"og:image:height\" content=\"1642\" \/>\n\t<meta property=\"og:image:type\" content=\"image\/jpeg\" \/>\n<meta name=\"author\" content=\"Medios\" \/>\n<meta name=\"twitter:card\" content=\"summary_large_image\" \/>\n<meta name=\"twitter:label1\" content=\"Written by\" \/>\n\t<meta name=\"twitter:data1\" content=\"Medios\" \/>\n\t<meta name=\"twitter:label2\" content=\"Est. reading time\" \/>\n\t<meta name=\"twitter:data2\" content=\"1 minute\" \/>\n<script type=\"application\/ld+json\" class=\"yoast-schema-graph\">{\"@context\":\"https:\/\/schema.org\",\"@graph\":[{\"@type\":\"Article\",\"@id\":\"https:\/\/www.neolifesalud.com\/en\/blog\/medios-en\/la-medicina-estetica-se-mira-en-el-espejo-de-la-naturalidad\/#article\",\"isPartOf\":{\"@id\":\"https:\/\/www.neolifesalud.com\/en\/blog\/medios-en\/la-medicina-estetica-se-mira-en-el-espejo-de-la-naturalidad\/\"},\"author\":{\"name\":\"Medios\",\"@id\":\"https:\/\/www.neolifesalud.com\/en\/#\/schema\/person\/48f86651da6e29d087eb3239c0f08aa7\"},\"headline\":\"La medicina est\u00e9tica se mira en el espejo de la naturalidad\",\"datePublished\":\"2021-11-04T16:42:49+00:00\",\"mainEntityOfPage\":{\"@id\":\"https:\/\/www.neolifesalud.com\/en\/blog\/medios-en\/la-medicina-estetica-se-mira-en-el-espejo-de-la-naturalidad\/\"},\"wordCount\":168,\"publisher\":{\"@id\":\"https:\/\/www.neolifesalud.com\/en\/#organization\"},\"image\":{\"@id\":\"https:\/\/www.neolifesalud.com\/en\/blog\/medios-en\/la-medicina-estetica-se-mira-en-el-espejo-de-la-naturalidad\/#primaryimage\"},\"thumbnailUrl\":\"https:\/\/www.neolifesalud.com\/wp-content\/uploads\/el-economista.jpg\",\"keywords\":[\"Neolife en El Economista\"],\"articleSection\":[\"Medios\",\"Press\"],\"inLanguage\":\"en-US\"},{\"@type\":\"WebPage\",\"@id\":\"https:\/\/www.neolifesalud.com\/en\/blog\/medios-en\/la-medicina-estetica-se-mira-en-el-espejo-de-la-naturalidad\/\",\"url\":\"https:\/\/www.neolifesalud.com\/en\/blog\/medios-en\/la-medicina-estetica-se-mira-en-el-espejo-de-la-naturalidad\/\",\"name\":\"La medicina est\u00e9tica se mira en el espejo de la naturalidad\",\"isPartOf\":{\"@id\":\"https:\/\/www.neolifesalud.com\/en\/#website\"},\"primaryImageOfPage\":{\"@id\":\"https:\/\/www.neolifesalud.com\/en\/blog\/medios-en\/la-medicina-estetica-se-mira-en-el-espejo-de-la-naturalidad\/#primaryimage\"},\"image\":{\"@id\":\"https:\/\/www.neolifesalud.com\/en\/blog\/medios-en\/la-medicina-estetica-se-mira-en-el-espejo-de-la-naturalidad\/#primaryimage\"},\"thumbnailUrl\":\"https:\/\/www.neolifesalud.com\/wp-content\/uploads\/el-economista.jpg\",\"datePublished\":\"2021-11-04T16:42:49+00:00\",\"description\":\"Neolife en El Economista Directora de medicina regenerativa, facial y corporal de Neolife: \\\"la autoregeneraci\u00f3n y la prevenci\u00f3n son los grandes aliados de\",\"breadcrumb\":{\"@id\":\"https:\/\/www.neolifesalud.com\/en\/blog\/medios-en\/la-medicina-estetica-se-mira-en-el-espejo-de-la-naturalidad\/#breadcrumb\"},\"inLanguage\":\"en-US\",\"potentialAction\":[{\"@type\":\"ReadAction\",\"target\":[\"https:\/\/www.neolifesalud.com\/en\/blog\/medios-en\/la-medicina-estetica-se-mira-en-el-espejo-de-la-naturalidad\/\"]}]},{\"@type\":\"ImageObject\",\"inLanguage\":\"en-US\",\"@id\":\"https:\/\/www.neolifesalud.com\/en\/blog\/medios-en\/la-medicina-estetica-se-mira-en-el-espejo-de-la-naturalidad\/#primaryimage\",\"url\":\"https:\/\/www.neolifesalud.com\/wp-content\/uploads\/el-economista.jpg\",\"contentUrl\":\"https:\/\/www.neolifesalud.com\/wp-content\/uploads\/el-economista.jpg\",\"width\":947,\"height\":1642},{\"@type\":\"BreadcrumbList\",\"@id\":\"https:\/\/www.neolifesalud.com\/en\/blog\/medios-en\/la-medicina-estetica-se-mira-en-el-espejo-de-la-naturalidad\/#breadcrumb\",\"itemListElement\":[{\"@type\":\"ListItem\",\"position\":1,\"name\":\"Neolife\",\"item\":\"https:\/\/www.neolifesalud.com\/en\/home-2\/\"},{\"@type\":\"ListItem\",\"position\":2,\"name\":\"La medicina est\u00e9tica se mira en el espejo de la naturalidad\"}]},{\"@type\":\"WebSite\",\"@id\":\"https:\/\/www.neolifesalud.com\/en\/#website\",\"url\":\"https:\/\/www.neolifesalud.com\/en\/\",\"name\":\"Neolife\",\"description\":\"Medicina preventiva antiaging\",\"publisher\":{\"@id\":\"https:\/\/www.neolifesalud.com\/en\/#organization\"},\"potentialAction\":[{\"@type\":\"SearchAction\",\"target\":{\"@type\":\"EntryPoint\",\"urlTemplate\":\"https:\/\/www.neolifesalud.com\/en\/?s={search_term_string}\"},\"query-input\":{\"@type\":\"PropertyValueSpecification\",\"valueRequired\":true,\"valueName\":\"search_term_string\"}}],\"inLanguage\":\"en-US\"},{\"@type\":\"Organization\",\"@id\":\"https:\/\/www.neolifesalud.com\/en\/#organization\",\"name\":\"Neolife\",\"url\":\"https:\/\/www.neolifesalud.com\/en\/\",\"logo\":{\"@type\":\"ImageObject\",\"inLanguage\":\"en-US\",\"@id\":\"https:\/\/www.neolifesalud.com\/en\/#\/schema\/logo\/image\/\",\"url\":\"https:\/\/www.neolifesalud.com\/wp-content\/uploads\/Logo_Neolife_2025-1-scaled.png\",\"contentUrl\":\"https:\/\/www.neolifesalud.com\/wp-content\/uploads\/Logo_Neolife_2025-1-scaled.png\",\"width\":2560,\"height\":855,\"caption\":\"Neolife\"},\"image\":{\"@id\":\"https:\/\/www.neolifesalud.com\/en\/#\/schema\/logo\/image\/\"}},{\"@type\":\"Person\",\"@id\":\"https:\/\/www.neolifesalud.com\/en\/#\/schema\/person\/48f86651da6e29d087eb3239c0f08aa7\",\"name\":\"Medios\",\"image\":{\"@type\":\"ImageObject\",\"inLanguage\":\"en-US\",\"@id\":\"https:\/\/www.neolifesalud.com\/en\/#\/schema\/person\/image\/\",\"url\":\"https:\/\/secure.gravatar.com\/avatar\/5d630900d0f810c973bbb183bfe3c0f1197740bf9705f11be3e4e5133f79be07?s=96&d=mm&r=g\",\"contentUrl\":\"https:\/\/secure.gravatar.com\/avatar\/5d630900d0f810c973bbb183bfe3c0f1197740bf9705f11be3e4e5133f79be07?s=96&d=mm&r=g\",\"caption\":\"Medios\"},\"url\":\"https:\/\/www.neolifesalud.com\/en\/blog\/author\/medios\/\"}]}<\/script>\n<!-- \/ Yoast SEO plugin. -->","yoast_head_json":{"title":"La medicina est\u00e9tica se mira en el espejo de la naturalidad","description":"Neolife en El Economista Directora de medicina regenerativa, facial y corporal de Neolife: \"la autoregeneraci\u00f3n y la prevenci\u00f3n son los grandes aliados de","robots":{"index":"index","follow":"follow","max-snippet":"max-snippet:-1","max-image-preview":"max-image-preview:large","max-video-preview":"max-video-preview:-1"},"canonical":"https:\/\/www.neolifesalud.com\/en\/blog\/medios-en\/la-medicina-estetica-se-mira-en-el-espejo-de-la-naturalidad\/","og_locale":"en_US","og_type":"article","og_title":"La medicina est\u00e9tica se mira en el espejo de la naturalidad","og_description":"Neolife en El Economista Directora de medicina regenerativa, facial y corporal de Neolife: \"la autoregeneraci\u00f3n y la prevenci\u00f3n son los grandes aliados de","og_url":"https:\/\/www.neolifesalud.com\/en\/blog\/medios-en\/la-medicina-estetica-se-mira-en-el-espejo-de-la-naturalidad\/","og_site_name":"Neolife","article_published_time":"2021-11-04T16:42:49+00:00","og_image":[{"width":947,"height":1642,"url":"https:\/\/www.neolifesalud.com\/wp-content\/uploads\/el-economista.jpg","type":"image\/jpeg"}],"author":"Medios","twitter_card":"summary_large_image","twitter_misc":{"Written by":"Medios","Est. reading time":"1 minute"},"schema":{"@context":"https:\/\/schema.org","@graph":[{"@type":"Article","@id":"https:\/\/www.neolifesalud.com\/en\/blog\/medios-en\/la-medicina-estetica-se-mira-en-el-espejo-de-la-naturalidad\/#article","isPartOf":{"@id":"https:\/\/www.neolifesalud.com\/en\/blog\/medios-en\/la-medicina-estetica-se-mira-en-el-espejo-de-la-naturalidad\/"},"author":{"name":"Medios","@id":"https:\/\/www.neolifesalud.com\/en\/#\/schema\/person\/48f86651da6e29d087eb3239c0f08aa7"},"headline":"La medicina est\u00e9tica se mira en el espejo de la naturalidad","datePublished":"2021-11-04T16:42:49+00:00","mainEntityOfPage":{"@id":"https:\/\/www.neolifesalud.com\/en\/blog\/medios-en\/la-medicina-estetica-se-mira-en-el-espejo-de-la-naturalidad\/"},"wordCount":168,"publisher":{"@id":"https:\/\/www.neolifesalud.com\/en\/#organization"},"image":{"@id":"https:\/\/www.neolifesalud.com\/en\/blog\/medios-en\/la-medicina-estetica-se-mira-en-el-espejo-de-la-naturalidad\/#primaryimage"},"thumbnailUrl":"https:\/\/www.neolifesalud.com\/wp-content\/uploads\/el-economista.jpg","keywords":["Neolife en El Economista"],"articleSection":["Medios","Press"],"inLanguage":"en-US"},{"@type":"WebPage","@id":"https:\/\/www.neolifesalud.com\/en\/blog\/medios-en\/la-medicina-estetica-se-mira-en-el-espejo-de-la-naturalidad\/","url":"https:\/\/www.neolifesalud.com\/en\/blog\/medios-en\/la-medicina-estetica-se-mira-en-el-espejo-de-la-naturalidad\/","name":"La medicina est\u00e9tica se mira en el espejo de la naturalidad","isPartOf":{"@id":"https:\/\/www.neolifesalud.com\/en\/#website"},"primaryImageOfPage":{"@id":"https:\/\/www.neolifesalud.com\/en\/blog\/medios-en\/la-medicina-estetica-se-mira-en-el-espejo-de-la-naturalidad\/#primaryimage"},"image":{"@id":"https:\/\/www.neolifesalud.com\/en\/blog\/medios-en\/la-medicina-estetica-se-mira-en-el-espejo-de-la-naturalidad\/#primaryimage"},"thumbnailUrl":"https:\/\/www.neolifesalud.com\/wp-content\/uploads\/el-economista.jpg","datePublished":"2021-11-04T16:42:49+00:00","description":"Neolife en El Economista Directora de medicina regenerativa, facial y corporal de Neolife: \"la autoregeneraci\u00f3n y la prevenci\u00f3n son los grandes aliados de","breadcrumb":{"@id":"https:\/\/www.neolifesalud.com\/en\/blog\/medios-en\/la-medicina-estetica-se-mira-en-el-espejo-de-la-naturalidad\/#breadcrumb"},"inLanguage":"en-US","potentialAction":[{"@type":"ReadAction","target":["https:\/\/www.neolifesalud.com\/en\/blog\/medios-en\/la-medicina-estetica-se-mira-en-el-espejo-de-la-naturalidad\/"]}]},{"@type":"ImageObject","inLanguage":"en-US","@id":"https:\/\/www.neolifesalud.com\/en\/blog\/medios-en\/la-medicina-estetica-se-mira-en-el-espejo-de-la-naturalidad\/#primaryimage","url":"https:\/\/www.neolifesalud.com\/wp-content\/uploads\/el-economista.jpg","contentUrl":"https:\/\/www.neolifesalud.com\/wp-content\/uploads\/el-economista.jpg","width":947,"height":1642},{"@type":"BreadcrumbList","@id":"https:\/\/www.neolifesalud.com\/en\/blog\/medios-en\/la-medicina-estetica-se-mira-en-el-espejo-de-la-naturalidad\/#breadcrumb","itemListElement":[{"@type":"ListItem","position":1,"name":"Neolife","item":"https:\/\/www.neolifesalud.com\/en\/home-2\/"},{"@type":"ListItem","position":2,"name":"La medicina est\u00e9tica se mira en el espejo de la naturalidad"}]},{"@type":"WebSite","@id":"https:\/\/www.neolifesalud.com\/en\/#website","url":"https:\/\/www.neolifesalud.com\/en\/","name":"Neolife","description":"Medicina preventiva antiaging","publisher":{"@id":"https:\/\/www.neolifesalud.com\/en\/#organization"},"potentialAction":[{"@type":"SearchAction","target":{"@type":"EntryPoint","urlTemplate":"https:\/\/www.neolifesalud.com\/en\/?s={search_term_string}"},"query-input":{"@type":"PropertyValueSpecification","valueRequired":true,"valueName":"search_term_string"}}],"inLanguage":"en-US"},{"@type":"Organization","@id":"https:\/\/www.neolifesalud.com\/en\/#organization","name":"Neolife","url":"https:\/\/www.neolifesalud.com\/en\/","logo":{"@type":"ImageObject","inLanguage":"en-US","@id":"https:\/\/www.neolifesalud.com\/en\/#\/schema\/logo\/image\/","url":"https:\/\/www.neolifesalud.com\/wp-content\/uploads\/Logo_Neolife_2025-1-scaled.png","contentUrl":"https:\/\/www.neolifesalud.com\/wp-content\/uploads\/Logo_Neolife_2025-1-scaled.png","width":2560,"height":855,"caption":"Neolife"},"image":{"@id":"https:\/\/www.neolifesalud.com\/en\/#\/schema\/logo\/image\/"}},{"@type":"Person","@id":"https:\/\/www.neolifesalud.com\/en\/#\/schema\/person\/48f86651da6e29d087eb3239c0f08aa7","name":"Medios","image":{"@type":"ImageObject","inLanguage":"en-US","@id":"https:\/\/www.neolifesalud.com\/en\/#\/schema\/person\/image\/","url":"https:\/\/secure.gravatar.com\/avatar\/5d630900d0f810c973bbb183bfe3c0f1197740bf9705f11be3e4e5133f79be07?s=96&d=mm&r=g","contentUrl":"https:\/\/secure.gravatar.com\/avatar\/5d630900d0f810c973bbb183bfe3c0f1197740bf9705f11be3e4e5133f79be07?s=96&d=mm&r=g","caption":"Medios"},"url":"https:\/\/www.neolifesalud.com\/en\/blog\/author\/medios\/"}]}},"views":97,"_links":{"self":[{"href":"https:\/\/www.neolifesalud.com\/en\/wp-json\/wp\/v2\/posts\/15925","targetHints":{"allow":["GET"]}}],"collection":[{"href":"https:\/\/www.neolifesalud.com\/en\/wp-json\/wp\/v2\/posts"}],"about":[{"href":"https:\/\/www.neolifesalud.com\/en\/wp-json\/wp\/v2\/types\/post"}],"author":[{"embeddable":true,"href":"https:\/\/www.neolifesalud.com\/en\/wp-json\/wp\/v2\/users\/2"}],"replies":[{"embeddable":true,"href":"https:\/\/www.neolifesalud.com\/en\/wp-json\/wp\/v2\/comments?post=15925"}],"version-history":[{"count":0,"href":"https:\/\/www.neolifesalud.com\/en\/wp-json\/wp\/v2\/posts\/15925\/revisions"}],"wp:featuredmedia":[{"embeddable":true,"href":"https:\/\/www.neolifesalud.com\/en\/wp-json\/wp\/v2\/media\/10301"}],"wp:attachment":[{"href":"https:\/\/www.neolifesalud.com\/en\/wp-json\/wp\/v2\/media?parent=15925"}],"wp:term":[{"taxonomy":"category","embeddable":true,"href":"https:\/\/www.neolifesalud.com\/en\/wp-json\/wp\/v2\/categories?post=15925"},{"taxonomy":"post_tag","embeddable":true,"href":"https:\/\/www.neolifesalud.com\/en\/wp-json\/wp\/v2\/tags?post=15925"}],"curies":[{"name":"wp","href":"https:\/\/api.w.org\/{rel}","templated":true}]}}