{"id":17387,"date":"2021-11-17T14:14:49","date_gmt":"2021-11-17T13:14:49","guid":{"rendered":"https:\/\/www.neolifesalud.com\/?p=17387"},"modified":"2023-01-06T16:57:56","modified_gmt":"2023-01-06T15:57:56","slug":"melatonina-vitamina-d-equilibrio-hormonal-e-higiene-del-sueno-claves-en-el-nuevo-enfoque-post-covid-de-salud-preventiva","status":"publish","type":"post","link":"https:\/\/www.neolifesalud.com\/en\/blog\/medios-en\/melatonina-vitamina-d-equilibrio-hormonal-e-higiene-del-sueno-claves-en-el-nuevo-enfoque-post-covid-de-salud-preventiva\/","title":{"rendered":"Melatonina, vitamina d, equilibrio hormonal e higiene del sue\u00f1o, claves en el nuevo enfoque post covid de salud preventiva"},"content":{"rendered":"\t\t<div data-elementor-type=\"wp-post\" data-elementor-id=\"17387\" class=\"elementor elementor-17387\" data-elementor-post-type=\"post\">\n\t\t\t\t\t\t<section class=\"elementor-section elementor-top-section elementor-element elementor-element-2f093e94 elementor-section-boxed elementor-section-height-default elementor-section-height-default\" data-id=\"2f093e94\" data-element_type=\"section\">\n\t\t\t\t\t\t<div class=\"elementor-container elementor-column-gap-default\">\n\t\t\t\t\t<div class=\"elementor-column elementor-col-100 elementor-top-column elementor-element elementor-element-680a6407\" data-id=\"680a6407\" data-element_type=\"column\">\n\t\t\t<div class=\"elementor-widget-wrap elementor-element-populated\">\n\t\t\t\t\t\t<div class=\"elementor-element elementor-element-599ae25a elementor-widget elementor-widget-text-editor\" data-id=\"599ae25a\" data-element_type=\"widget\" data-widget_type=\"text-editor.default\">\n\t\t\t\t<div class=\"elementor-widget-container\">\n\t\t\t\t\t\t\t\t\t<p class=\"medios-tag\">Neolife, en Revista Salud Total<\/p>\n<div class=\"o9v6fnle cxmmr5t8 oygrvhab hcukyx3x c1et5uql ii04i59q\">\n<div dir=\"auto\">\n<div class=\"o9v6fnle cxmmr5t8 oygrvhab hcukyx3x c1et5uql ii04i59q\">\n<div dir=\"auto\">\n<div class=\"o9v6fnle cxmmr5t8 oygrvhab hcukyx3x c1et5uql ii04i59q\">\n<div dir=\"auto\">\n<div class=\"o9v6fnle cxmmr5t8 oygrvhab hcukyx3x c1et5uql ii04i59q\">\n<div dir=\"auto\">\n<div class=\"o9v6fnle cxmmr5t8 oygrvhab hcukyx3x c1et5uql ii04i59q\">\n<div dir=\"auto\">\n<div class=\"o9v6fnle cxmmr5t8 oygrvhab hcukyx3x c1et5uql ii04i59q\">\n<div dir=\"auto\">El coronavirus nos ha tra\u00eddo un nuevo concepto de prevenci\u00f3n de la salud, m\u00e1s asociado a un paciente, que, haya estado expuesto o no al virus ha tomado conciencia de la importancia de cuidarse. El paso de la covid19 como fen\u00f3meno sanitario global deja, no s\u00f3lo las lamentables p\u00e9rdidas humanas y el sufrimiento, sino tambi\u00e9n necesidades m\u00e9dicas diferentes en cuanto al tratamiento y un enfoque m\u00e1s preventivo de la salud.<\/div>\n<\/div>\n<div class=\"o9v6fnle cxmmr5t8 oygrvhab hcukyx3x c1et5uql ii04i59q\">\n<div dir=\"auto\">Es el que ya han comenzado a trabajar en la Unidad Multidisciplinar para Pacientes Postcovid de Neolife, un centro pionero en Espa\u00f1a en las t\u00e9cnicas de antienvejecimiento, o como su CEO, Esther Anzola, prefiere que se denomine, en \u201cla gesti\u00f3n m\u00e9dica de la edad\u201d.<\/div>\n<div dir=\"auto\"> <\/div>\n<\/div>\n<div class=\"o9v6fnle cxmmr5t8 oygrvhab hcukyx3x c1et5uql ii04i59q\">\n<div dir=\"auto\">Una vez m\u00e1s, vuelven a ser pioneros, ya que las unidades en las que se eval\u00faa el estado f\u00edsico y se proponen tratamientos espec\u00edficos para personas que hayan tenido coronavirus se cuentan con los dedos. Es el caso del Hospital Monte Sina\u00ed de Nueva York y la tambi\u00e9n norteamericana Cleveland Clinic. En Neolife \u201cse valora el estado de salud del paciente en todas sus dimensiones y, adem\u00e1s, se propone un plan a largo plazo no s\u00f3lo para corregir las alteraciones encontradas, sino con el fin de prevenir deterioro y da\u00f1o futuro, integr\u00e1ndolo en un programa de medicina de manejo de la edad\u201d.<\/div>\n<div dir=\"auto\"> <\/div>\n<\/div>\n<div class=\"o9v6fnle cxmmr5t8 oygrvhab hcukyx3x c1et5uql ii04i59q\">\n<div dir=\"auto\">Esta oferta, explican, corresponde a una demanda real, ya que, seg\u00fan Anzola, \u201caquellos que lo han pasado, se encuentran mal, o, por lo menos, notan que no est\u00e1n como antes de enfermedad durante semanas y semanas despu\u00e9s de haber pasado la fase aguda o ya tener una prueba negativa\u201d. A ellos se suman otros a quienes la situaci\u00f3n de alarma sanitaria est\u00e1 afectando en la capacidad y manera de hacer todas aquellas cosas que nos mantienen en un buen estado de salud, como hacer ejercicio, socializar o controlar nuestro estr\u00e9s y esto consecuentemente puede bajar nuestra esperanza de vida\u201d.<\/div>\n<\/div>\n<\/div>\n<\/div>\n<\/div>\n<\/div>\n<\/div>\n<\/div>\n<\/div>\n<\/div>\n<\/div>\n<\/div>\n<p class=\"link-medios\"><a href=\"https:\/\/revistasaludtotal.com\/melatonina-vitamina-d-equilibrio-hormonal-e-higiene-del-sueno-claves-en-el-nuevo-enfoque-post-covid-de-salud-preventiva\/?fbclid=IwAR17wk6ji4jkI37KUv0d5jG2aiaDTDz_Bw3mF1Io4NNOrbaujZFhoaxyfT4\" target=\"_blank\" rel=\"noopener\">Ver original<\/a><\/p>\n\t\t\t\t\t\t\t\t<\/div>\n\t\t\t\t<\/div>\n\t\t\t\t\t<\/div>\n\t\t<\/div>\n\t\t\t\t\t<\/div>\n\t\t<\/section>\n\t\t\t\t<\/div>\n\t\t","protected":false},"excerpt":{"rendered":"<p>Neolife, en Revista Salud Total El coronavirus nos ha tra\u00eddo un nuevo concepto de prevenci\u00f3n de la salud, m\u00e1s asociado a un paciente, que, haya estado expuesto o no al virus ha tomado conciencia de la importancia de cuidarse. El paso de la covid19 como fen\u00f3meno sanitario global deja, no s\u00f3lo las lamentables p\u00e9rdidas humanas [&hellip;]<\/p>\n","protected":false},"author":2,"featured_media":17395,"comment_status":"closed","ping_status":"open","sticky":false,"template":"","format":"standard","meta":{"_acf_changed":false,"inline_featured_image":false,"footnotes":""},"categories":[3085,3086],"tags":[4349],"class_list":["post-17387","post","type-post","status-publish","format-standard","has-post-thumbnail","hentry","category-medios-en","category-press","tag-neolife-en-revista-salud-total-en"],"acf":[],"yoast_head":"<!-- This site is optimized with the Yoast SEO plugin v26.5 - https:\/\/yoast.com\/wordpress\/plugins\/seo\/ -->\n<title>Melatonina, vitamina d, equilibrio hormonal e higiene del sue\u00f1o, claves en el nuevo enfoque post covid de salud preventiva<\/title>\n<meta name=\"description\" content=\"Neolife, en Revista Salud Total El coronavirus nos ha tra\u00eddo un nuevo concepto de prevenci\u00f3n de la salud, m\u00e1s asociado a un paciente, que, haya estado\" \/>\n<meta name=\"robots\" content=\"index, follow, max-snippet:-1, max-image-preview:large, max-video-preview:-1\" \/>\n<link rel=\"canonical\" href=\"https:\/\/www.neolifesalud.com\/en\/blog\/medios-en\/melatonina-vitamina-d-equilibrio-hormonal-e-higiene-del-sueno-claves-en-el-nuevo-enfoque-post-covid-de-salud-preventiva\/\" \/>\n<meta property=\"og:locale\" content=\"en_US\" \/>\n<meta property=\"og:type\" content=\"article\" \/>\n<meta property=\"og:title\" content=\"Melatonina, vitamina d, equilibrio hormonal e higiene del sue\u00f1o, claves en el nuevo enfoque post covid de salud preventiva\" \/>\n<meta property=\"og:description\" content=\"Neolife, en Revista Salud Total El coronavirus nos ha tra\u00eddo un nuevo concepto de prevenci\u00f3n de la salud, m\u00e1s asociado a un paciente, que, haya estado\" \/>\n<meta property=\"og:url\" content=\"https:\/\/www.neolifesalud.com\/en\/blog\/medios-en\/melatonina-vitamina-d-equilibrio-hormonal-e-higiene-del-sueno-claves-en-el-nuevo-enfoque-post-covid-de-salud-preventiva\/\" \/>\n<meta property=\"og:site_name\" content=\"Neolife\" \/>\n<meta property=\"article:published_time\" content=\"2021-11-17T13:14:49+00:00\" \/>\n<meta property=\"article:modified_time\" content=\"2023-01-06T15:57:56+00:00\" \/>\n<meta property=\"og:image\" content=\"https:\/\/www.neolifesalud.com\/wp-content\/uploads\/melatonina-2.png\" \/>\n\t<meta property=\"og:image:width\" content=\"2078\" \/>\n\t<meta property=\"og:image:height\" content=\"1504\" \/>\n\t<meta property=\"og:image:type\" content=\"image\/png\" \/>\n<meta name=\"author\" content=\"Medios\" \/>\n<meta name=\"twitter:card\" content=\"summary_large_image\" \/>\n<meta name=\"twitter:label1\" content=\"Written by\" \/>\n\t<meta name=\"twitter:data1\" content=\"Medios\" \/>\n\t<meta name=\"twitter:label2\" content=\"Est. reading time\" \/>\n\t<meta name=\"twitter:data2\" content=\"2 minutes\" \/>\n<script type=\"application\/ld+json\" class=\"yoast-schema-graph\">{\"@context\":\"https:\/\/schema.org\",\"@graph\":[{\"@type\":\"Article\",\"@id\":\"https:\/\/www.neolifesalud.com\/en\/blog\/medios-en\/melatonina-vitamina-d-equilibrio-hormonal-e-higiene-del-sueno-claves-en-el-nuevo-enfoque-post-covid-de-salud-preventiva\/#article\",\"isPartOf\":{\"@id\":\"https:\/\/www.neolifesalud.com\/en\/blog\/medios-en\/melatonina-vitamina-d-equilibrio-hormonal-e-higiene-del-sueno-claves-en-el-nuevo-enfoque-post-covid-de-salud-preventiva\/\"},\"author\":{\"name\":\"Medios\",\"@id\":\"https:\/\/www.neolifesalud.com\/en\/#\/schema\/person\/48f86651da6e29d087eb3239c0f08aa7\"},\"headline\":\"Melatonina, vitamina d, equilibrio hormonal e higiene del sue\u00f1o, claves en el nuevo enfoque post covid de salud preventiva\",\"datePublished\":\"2021-11-17T13:14:49+00:00\",\"dateModified\":\"2023-01-06T15:57:56+00:00\",\"mainEntityOfPage\":{\"@id\":\"https:\/\/www.neolifesalud.com\/en\/blog\/medios-en\/melatonina-vitamina-d-equilibrio-hormonal-e-higiene-del-sueno-claves-en-el-nuevo-enfoque-post-covid-de-salud-preventiva\/\"},\"wordCount\":369,\"publisher\":{\"@id\":\"https:\/\/www.neolifesalud.com\/en\/#organization\"},\"image\":{\"@id\":\"https:\/\/www.neolifesalud.com\/en\/blog\/medios-en\/melatonina-vitamina-d-equilibrio-hormonal-e-higiene-del-sueno-claves-en-el-nuevo-enfoque-post-covid-de-salud-preventiva\/#primaryimage\"},\"thumbnailUrl\":\"https:\/\/www.neolifesalud.com\/wp-content\/uploads\/melatonina-2.png\",\"keywords\":[\"Neolife en Revista Salud Total\"],\"articleSection\":[\"Medios\",\"Press\"],\"inLanguage\":\"en-US\"},{\"@type\":\"WebPage\",\"@id\":\"https:\/\/www.neolifesalud.com\/en\/blog\/medios-en\/melatonina-vitamina-d-equilibrio-hormonal-e-higiene-del-sueno-claves-en-el-nuevo-enfoque-post-covid-de-salud-preventiva\/\",\"url\":\"https:\/\/www.neolifesalud.com\/en\/blog\/medios-en\/melatonina-vitamina-d-equilibrio-hormonal-e-higiene-del-sueno-claves-en-el-nuevo-enfoque-post-covid-de-salud-preventiva\/\",\"name\":\"Melatonina, vitamina d, equilibrio hormonal e higiene del sue\u00f1o, claves en el nuevo enfoque post covid de salud preventiva\",\"isPartOf\":{\"@id\":\"https:\/\/www.neolifesalud.com\/en\/#website\"},\"primaryImageOfPage\":{\"@id\":\"https:\/\/www.neolifesalud.com\/en\/blog\/medios-en\/melatonina-vitamina-d-equilibrio-hormonal-e-higiene-del-sueno-claves-en-el-nuevo-enfoque-post-covid-de-salud-preventiva\/#primaryimage\"},\"image\":{\"@id\":\"https:\/\/www.neolifesalud.com\/en\/blog\/medios-en\/melatonina-vitamina-d-equilibrio-hormonal-e-higiene-del-sueno-claves-en-el-nuevo-enfoque-post-covid-de-salud-preventiva\/#primaryimage\"},\"thumbnailUrl\":\"https:\/\/www.neolifesalud.com\/wp-content\/uploads\/melatonina-2.png\",\"datePublished\":\"2021-11-17T13:14:49+00:00\",\"dateModified\":\"2023-01-06T15:57:56+00:00\",\"description\":\"Neolife, en Revista Salud Total El coronavirus nos ha tra\u00eddo un nuevo concepto de prevenci\u00f3n de la salud, m\u00e1s asociado a un paciente, que, haya estado\",\"breadcrumb\":{\"@id\":\"https:\/\/www.neolifesalud.com\/en\/blog\/medios-en\/melatonina-vitamina-d-equilibrio-hormonal-e-higiene-del-sueno-claves-en-el-nuevo-enfoque-post-covid-de-salud-preventiva\/#breadcrumb\"},\"inLanguage\":\"en-US\",\"potentialAction\":[{\"@type\":\"ReadAction\",\"target\":[\"https:\/\/www.neolifesalud.com\/en\/blog\/medios-en\/melatonina-vitamina-d-equilibrio-hormonal-e-higiene-del-sueno-claves-en-el-nuevo-enfoque-post-covid-de-salud-preventiva\/\"]}]},{\"@type\":\"ImageObject\",\"inLanguage\":\"en-US\",\"@id\":\"https:\/\/www.neolifesalud.com\/en\/blog\/medios-en\/melatonina-vitamina-d-equilibrio-hormonal-e-higiene-del-sueno-claves-en-el-nuevo-enfoque-post-covid-de-salud-preventiva\/#primaryimage\",\"url\":\"https:\/\/www.neolifesalud.com\/wp-content\/uploads\/melatonina-2.png\",\"contentUrl\":\"https:\/\/www.neolifesalud.com\/wp-content\/uploads\/melatonina-2.png\",\"width\":2078,\"height\":1504},{\"@type\":\"BreadcrumbList\",\"@id\":\"https:\/\/www.neolifesalud.com\/en\/blog\/medios-en\/melatonina-vitamina-d-equilibrio-hormonal-e-higiene-del-sueno-claves-en-el-nuevo-enfoque-post-covid-de-salud-preventiva\/#breadcrumb\",\"itemListElement\":[{\"@type\":\"ListItem\",\"position\":1,\"name\":\"Neolife\",\"item\":\"https:\/\/www.neolifesalud.com\/en\/home-2\/\"},{\"@type\":\"ListItem\",\"position\":2,\"name\":\"Melatonina, vitamina d, equilibrio hormonal e higiene del sue\u00f1o, claves en el nuevo enfoque post covid de salud preventiva\"}]},{\"@type\":\"WebSite\",\"@id\":\"https:\/\/www.neolifesalud.com\/en\/#website\",\"url\":\"https:\/\/www.neolifesalud.com\/en\/\",\"name\":\"Neolife\",\"description\":\"Medicina preventiva antiaging\",\"publisher\":{\"@id\":\"https:\/\/www.neolifesalud.com\/en\/#organization\"},\"potentialAction\":[{\"@type\":\"SearchAction\",\"target\":{\"@type\":\"EntryPoint\",\"urlTemplate\":\"https:\/\/www.neolifesalud.com\/en\/?s={search_term_string}\"},\"query-input\":{\"@type\":\"PropertyValueSpecification\",\"valueRequired\":true,\"valueName\":\"search_term_string\"}}],\"inLanguage\":\"en-US\"},{\"@type\":\"Organization\",\"@id\":\"https:\/\/www.neolifesalud.com\/en\/#organization\",\"name\":\"Neolife\",\"url\":\"https:\/\/www.neolifesalud.com\/en\/\",\"logo\":{\"@type\":\"ImageObject\",\"inLanguage\":\"en-US\",\"@id\":\"https:\/\/www.neolifesalud.com\/en\/#\/schema\/logo\/image\/\",\"url\":\"https:\/\/www.neolifesalud.com\/wp-content\/uploads\/Logo_Neolife_2025-1-scaled.png\",\"contentUrl\":\"https:\/\/www.neolifesalud.com\/wp-content\/uploads\/Logo_Neolife_2025-1-scaled.png\",\"width\":2560,\"height\":855,\"caption\":\"Neolife\"},\"image\":{\"@id\":\"https:\/\/www.neolifesalud.com\/en\/#\/schema\/logo\/image\/\"}},{\"@type\":\"Person\",\"@id\":\"https:\/\/www.neolifesalud.com\/en\/#\/schema\/person\/48f86651da6e29d087eb3239c0f08aa7\",\"name\":\"Medios\",\"image\":{\"@type\":\"ImageObject\",\"inLanguage\":\"en-US\",\"@id\":\"https:\/\/www.neolifesalud.com\/en\/#\/schema\/person\/image\/\",\"url\":\"https:\/\/secure.gravatar.com\/avatar\/5d630900d0f810c973bbb183bfe3c0f1197740bf9705f11be3e4e5133f79be07?s=96&d=mm&r=g\",\"contentUrl\":\"https:\/\/secure.gravatar.com\/avatar\/5d630900d0f810c973bbb183bfe3c0f1197740bf9705f11be3e4e5133f79be07?s=96&d=mm&r=g\",\"caption\":\"Medios\"},\"url\":\"https:\/\/www.neolifesalud.com\/en\/blog\/author\/medios\/\"}]}<\/script>\n<!-- \/ Yoast SEO plugin. -->","yoast_head_json":{"title":"Melatonina, vitamina d, equilibrio hormonal e higiene del sue\u00f1o, claves en el nuevo enfoque post covid de salud preventiva","description":"Neolife, en Revista Salud Total El coronavirus nos ha tra\u00eddo un nuevo concepto de prevenci\u00f3n de la salud, m\u00e1s asociado a un paciente, que, haya estado","robots":{"index":"index","follow":"follow","max-snippet":"max-snippet:-1","max-image-preview":"max-image-preview:large","max-video-preview":"max-video-preview:-1"},"canonical":"https:\/\/www.neolifesalud.com\/en\/blog\/medios-en\/melatonina-vitamina-d-equilibrio-hormonal-e-higiene-del-sueno-claves-en-el-nuevo-enfoque-post-covid-de-salud-preventiva\/","og_locale":"en_US","og_type":"article","og_title":"Melatonina, vitamina d, equilibrio hormonal e higiene del sue\u00f1o, claves en el nuevo enfoque post covid de salud preventiva","og_description":"Neolife, en Revista Salud Total El coronavirus nos ha tra\u00eddo un nuevo concepto de prevenci\u00f3n de la salud, m\u00e1s asociado a un paciente, que, haya estado","og_url":"https:\/\/www.neolifesalud.com\/en\/blog\/medios-en\/melatonina-vitamina-d-equilibrio-hormonal-e-higiene-del-sueno-claves-en-el-nuevo-enfoque-post-covid-de-salud-preventiva\/","og_site_name":"Neolife","article_published_time":"2021-11-17T13:14:49+00:00","article_modified_time":"2023-01-06T15:57:56+00:00","og_image":[{"width":2078,"height":1504,"url":"https:\/\/www.neolifesalud.com\/wp-content\/uploads\/melatonina-2.png","type":"image\/png"}],"author":"Medios","twitter_card":"summary_large_image","twitter_misc":{"Written by":"Medios","Est. reading time":"2 minutes"},"schema":{"@context":"https:\/\/schema.org","@graph":[{"@type":"Article","@id":"https:\/\/www.neolifesalud.com\/en\/blog\/medios-en\/melatonina-vitamina-d-equilibrio-hormonal-e-higiene-del-sueno-claves-en-el-nuevo-enfoque-post-covid-de-salud-preventiva\/#article","isPartOf":{"@id":"https:\/\/www.neolifesalud.com\/en\/blog\/medios-en\/melatonina-vitamina-d-equilibrio-hormonal-e-higiene-del-sueno-claves-en-el-nuevo-enfoque-post-covid-de-salud-preventiva\/"},"author":{"name":"Medios","@id":"https:\/\/www.neolifesalud.com\/en\/#\/schema\/person\/48f86651da6e29d087eb3239c0f08aa7"},"headline":"Melatonina, vitamina d, equilibrio hormonal e higiene del sue\u00f1o, claves en el nuevo enfoque post covid de salud preventiva","datePublished":"2021-11-17T13:14:49+00:00","dateModified":"2023-01-06T15:57:56+00:00","mainEntityOfPage":{"@id":"https:\/\/www.neolifesalud.com\/en\/blog\/medios-en\/melatonina-vitamina-d-equilibrio-hormonal-e-higiene-del-sueno-claves-en-el-nuevo-enfoque-post-covid-de-salud-preventiva\/"},"wordCount":369,"publisher":{"@id":"https:\/\/www.neolifesalud.com\/en\/#organization"},"image":{"@id":"https:\/\/www.neolifesalud.com\/en\/blog\/medios-en\/melatonina-vitamina-d-equilibrio-hormonal-e-higiene-del-sueno-claves-en-el-nuevo-enfoque-post-covid-de-salud-preventiva\/#primaryimage"},"thumbnailUrl":"https:\/\/www.neolifesalud.com\/wp-content\/uploads\/melatonina-2.png","keywords":["Neolife en Revista Salud Total"],"articleSection":["Medios","Press"],"inLanguage":"en-US"},{"@type":"WebPage","@id":"https:\/\/www.neolifesalud.com\/en\/blog\/medios-en\/melatonina-vitamina-d-equilibrio-hormonal-e-higiene-del-sueno-claves-en-el-nuevo-enfoque-post-covid-de-salud-preventiva\/","url":"https:\/\/www.neolifesalud.com\/en\/blog\/medios-en\/melatonina-vitamina-d-equilibrio-hormonal-e-higiene-del-sueno-claves-en-el-nuevo-enfoque-post-covid-de-salud-preventiva\/","name":"Melatonina, vitamina d, equilibrio hormonal e higiene del sue\u00f1o, claves en el nuevo enfoque post covid de salud preventiva","isPartOf":{"@id":"https:\/\/www.neolifesalud.com\/en\/#website"},"primaryImageOfPage":{"@id":"https:\/\/www.neolifesalud.com\/en\/blog\/medios-en\/melatonina-vitamina-d-equilibrio-hormonal-e-higiene-del-sueno-claves-en-el-nuevo-enfoque-post-covid-de-salud-preventiva\/#primaryimage"},"image":{"@id":"https:\/\/www.neolifesalud.com\/en\/blog\/medios-en\/melatonina-vitamina-d-equilibrio-hormonal-e-higiene-del-sueno-claves-en-el-nuevo-enfoque-post-covid-de-salud-preventiva\/#primaryimage"},"thumbnailUrl":"https:\/\/www.neolifesalud.com\/wp-content\/uploads\/melatonina-2.png","datePublished":"2021-11-17T13:14:49+00:00","dateModified":"2023-01-06T15:57:56+00:00","description":"Neolife, en Revista Salud Total El coronavirus nos ha tra\u00eddo un nuevo concepto de prevenci\u00f3n de la salud, m\u00e1s asociado a un paciente, que, haya estado","breadcrumb":{"@id":"https:\/\/www.neolifesalud.com\/en\/blog\/medios-en\/melatonina-vitamina-d-equilibrio-hormonal-e-higiene-del-sueno-claves-en-el-nuevo-enfoque-post-covid-de-salud-preventiva\/#breadcrumb"},"inLanguage":"en-US","potentialAction":[{"@type":"ReadAction","target":["https:\/\/www.neolifesalud.com\/en\/blog\/medios-en\/melatonina-vitamina-d-equilibrio-hormonal-e-higiene-del-sueno-claves-en-el-nuevo-enfoque-post-covid-de-salud-preventiva\/"]}]},{"@type":"ImageObject","inLanguage":"en-US","@id":"https:\/\/www.neolifesalud.com\/en\/blog\/medios-en\/melatonina-vitamina-d-equilibrio-hormonal-e-higiene-del-sueno-claves-en-el-nuevo-enfoque-post-covid-de-salud-preventiva\/#primaryimage","url":"https:\/\/www.neolifesalud.com\/wp-content\/uploads\/melatonina-2.png","contentUrl":"https:\/\/www.neolifesalud.com\/wp-content\/uploads\/melatonina-2.png","width":2078,"height":1504},{"@type":"BreadcrumbList","@id":"https:\/\/www.neolifesalud.com\/en\/blog\/medios-en\/melatonina-vitamina-d-equilibrio-hormonal-e-higiene-del-sueno-claves-en-el-nuevo-enfoque-post-covid-de-salud-preventiva\/#breadcrumb","itemListElement":[{"@type":"ListItem","position":1,"name":"Neolife","item":"https:\/\/www.neolifesalud.com\/en\/home-2\/"},{"@type":"ListItem","position":2,"name":"Melatonina, vitamina d, equilibrio hormonal e higiene del sue\u00f1o, claves en el nuevo enfoque post covid de salud preventiva"}]},{"@type":"WebSite","@id":"https:\/\/www.neolifesalud.com\/en\/#website","url":"https:\/\/www.neolifesalud.com\/en\/","name":"Neolife","description":"Medicina preventiva antiaging","publisher":{"@id":"https:\/\/www.neolifesalud.com\/en\/#organization"},"potentialAction":[{"@type":"SearchAction","target":{"@type":"EntryPoint","urlTemplate":"https:\/\/www.neolifesalud.com\/en\/?s={search_term_string}"},"query-input":{"@type":"PropertyValueSpecification","valueRequired":true,"valueName":"search_term_string"}}],"inLanguage":"en-US"},{"@type":"Organization","@id":"https:\/\/www.neolifesalud.com\/en\/#organization","name":"Neolife","url":"https:\/\/www.neolifesalud.com\/en\/","logo":{"@type":"ImageObject","inLanguage":"en-US","@id":"https:\/\/www.neolifesalud.com\/en\/#\/schema\/logo\/image\/","url":"https:\/\/www.neolifesalud.com\/wp-content\/uploads\/Logo_Neolife_2025-1-scaled.png","contentUrl":"https:\/\/www.neolifesalud.com\/wp-content\/uploads\/Logo_Neolife_2025-1-scaled.png","width":2560,"height":855,"caption":"Neolife"},"image":{"@id":"https:\/\/www.neolifesalud.com\/en\/#\/schema\/logo\/image\/"}},{"@type":"Person","@id":"https:\/\/www.neolifesalud.com\/en\/#\/schema\/person\/48f86651da6e29d087eb3239c0f08aa7","name":"Medios","image":{"@type":"ImageObject","inLanguage":"en-US","@id":"https:\/\/www.neolifesalud.com\/en\/#\/schema\/person\/image\/","url":"https:\/\/secure.gravatar.com\/avatar\/5d630900d0f810c973bbb183bfe3c0f1197740bf9705f11be3e4e5133f79be07?s=96&d=mm&r=g","contentUrl":"https:\/\/secure.gravatar.com\/avatar\/5d630900d0f810c973bbb183bfe3c0f1197740bf9705f11be3e4e5133f79be07?s=96&d=mm&r=g","caption":"Medios"},"url":"https:\/\/www.neolifesalud.com\/en\/blog\/author\/medios\/"}]}},"views":144,"_links":{"self":[{"href":"https:\/\/www.neolifesalud.com\/en\/wp-json\/wp\/v2\/posts\/17387","targetHints":{"allow":["GET"]}}],"collection":[{"href":"https:\/\/www.neolifesalud.com\/en\/wp-json\/wp\/v2\/posts"}],"about":[{"href":"https:\/\/www.neolifesalud.com\/en\/wp-json\/wp\/v2\/types\/post"}],"author":[{"embeddable":true,"href":"https:\/\/www.neolifesalud.com\/en\/wp-json\/wp\/v2\/users\/2"}],"replies":[{"embeddable":true,"href":"https:\/\/www.neolifesalud.com\/en\/wp-json\/wp\/v2\/comments?post=17387"}],"version-history":[{"count":3,"href":"https:\/\/www.neolifesalud.com\/en\/wp-json\/wp\/v2\/posts\/17387\/revisions"}],"predecessor-version":[{"id":24084,"href":"https:\/\/www.neolifesalud.com\/en\/wp-json\/wp\/v2\/posts\/17387\/revisions\/24084"}],"wp:featuredmedia":[{"embeddable":true,"href":"https:\/\/www.neolifesalud.com\/en\/wp-json\/wp\/v2\/media\/17395"}],"wp:attachment":[{"href":"https:\/\/www.neolifesalud.com\/en\/wp-json\/wp\/v2\/media?parent=17387"}],"wp:term":[{"taxonomy":"category","embeddable":true,"href":"https:\/\/www.neolifesalud.com\/en\/wp-json\/wp\/v2\/categories?post=17387"},{"taxonomy":"post_tag","embeddable":true,"href":"https:\/\/www.neolifesalud.com\/en\/wp-json\/wp\/v2\/tags?post=17387"}],"curies":[{"name":"wp","href":"https:\/\/api.w.org\/{rel}","templated":true}]}}